{"id":44135,"date":"2026-01-10T17:45:16","date_gmt":"2026-01-10T20:45:16","guid":{"rendered":"https:\/\/agilize.com.br\/blog\/?p=44135"},"modified":"2026-01-21T17:54:52","modified_gmt":"2026-01-21T20:54:52","slug":"calendario-comercial","status":"publish","type":"post","link":"https:\/\/agilize.com.br\/blog\/crescer-seu-negocio\/calendario-comercial\/","title":{"rendered":"Calend\u00e1rio comercial 2026: datas comemorativas e importantes para se planejar"},"content":{"rendered":"\n<figure class=\"wp-block-image size-full is-resized\"><img loading=\"lazy\" decoding=\"async\" width=\"627\" height=\"450\" src=\"https:\/\/agilize.com.br\/blog\/wp-content\/uploads\/2026\/01\/nota-fiscal-reforma-tributaria-1.png\" alt=\"calendario-comercial-2026\" class=\"wp-image-44136\" style=\"width:840px;height:auto\"\/><\/figure>\n\n\n\n<p>O calend\u00e1rio comercial 2026 lista feriados nacionais, datas comemorativas e prazos fiscais chave. Ele ajuda empreendedores a <strong>prever picos de vendas, organizar estoque e cumprir obriga\u00e7\u00f5es legais<\/strong>.\u00a0<\/p>\n\n\n\n<p>Em 2026, nove dos dez feriados nacionais caem em dias \u00fateis, criando at\u00e9 oito oportunidades de feriados prolongados.<\/p>\n\n\n\n<p>Confira, a seguir, todas as datas mais importantes de 2026, organizadas para ajudar no planejamento do seu neg\u00f3cio.<\/p>\n\n\n\n<h2 class=\"wp-block-heading\">Principais feriados e datas comemorativas de 2026<\/h2>\n\n\n\n<p>Os feriados nacionais de 2026 s\u00e3o dez, conforme <a href=\"https:\/\/www.gov.br\/gestao\/pt-br\/assuntos\/noticias\/2025\/dezembro\/confira-o-calendario-oficial-de-feriados-nacionais-e-pontos-facultativos-em-2026#:~:text=O%20Minist%C3%A9rio%20da%20Gest%C3%A3o%20e,facultativo%20no%20ano%20de%202026.\" target=\"_blank\" rel=\"noopener\">Portaria MGI n\u00ba 11.460\/2025<\/a> publicada no Di\u00e1rio Oficial da Uni\u00e3o. E nove caem em dias \u00fateis, favorecendo emendas e feriad\u00f5es.<\/p>\n\n\n\n<p>Os principais feriados de 2026 para todo o territ\u00f3rio nacional s\u00e3o:<\/p>\n\n\n\n<figure class=\"wp-block-table\"><table class=\"has-fixed-layout\"><tbody><tr><td><strong>Data<\/strong><\/td><td><strong>Dia da Semana<\/strong><\/td><td><strong>Feriado<\/strong><\/td><td><strong>Observa\u00e7\u00e3o<\/strong><\/td><\/tr><tr><td>1\u00ba\/1<\/td><td>Quinta-feira<\/td><td>Confraterniza\u00e7\u00e3o Universal<\/td><td>Pode emendar com sexta<\/td><\/tr><tr><td>3\/4<\/td><td>Sexta-feira<\/td><td>Paix\u00e3o de Cristo<\/td><td>Feriad\u00e3o natural<\/td><\/tr><tr><td>21\/4<\/td><td>Ter\u00e7a-feira<\/td><td>Tiradentes<\/td><td>Pode emendar<\/td><\/tr><tr><td>1\u00ba\/5<\/td><td>Sexta-feira<\/td><td>Dia do Trabalho<\/td><td>Feriad\u00e3o natural<\/td><\/tr><tr><td>7\/9<\/td><td>Segunda-feira<\/td><td>Independ\u00eancia do Brasil<\/td><td>Feriad\u00e3o natural<\/td><\/tr><tr><td>12\/10<\/td><td>Segunda-feira<\/td><td>Nossa Senhora Aparecida<\/td><td>Feriad\u00e3o natural<\/td><\/tr><tr><td>2\/11<\/td><td>Segunda-feira<\/td><td>Finados<\/td><td>Feriad\u00e3o natural<\/td><\/tr><tr><td>15\/11<\/td><td>Domingo<\/td><td>Proclama\u00e7\u00e3o da Rep\u00fablica<\/td><td>Sem prolongamento<\/td><\/tr><tr><td>20\/11<\/td><td>Sexta-feira<\/td><td>Consci\u00eancia Negra<\/td><td>Feriad\u00e3o natural<\/td><\/tr><tr><td>25\/12<\/td><td>Sexta-feira<\/td><td>Natal<\/td><td>Feriad\u00e3o natural<\/td><\/tr><\/tbody><\/table><\/figure>\n\n\n\n<p>Aten\u00e7\u00e3o aos pontos facultativos comuns: Carnaval (16-17\/2, segunda e ter\u00e7a) e Corpus Christi (4\/6, quinta).<\/p>\n\n\n\n<h3 class=\"wp-block-heading\">Quais datas comemorativas impulsionam vendas em 2026?<\/h3>\n\n\n\n<p>Datas comemorativas n\u00e3o s\u00e3o feriados, mas movimentam o varejo com compras de presentes e produtos tem\u00e1ticos. E as principais para 2026 incluem:<\/p>\n\n\n\n<ul class=\"wp-block-list\">\n<li>14\/2: Volta \u00e0s Aulas<\/li>\n\n\n\n<li>12\/3: Dia do Consumidor<\/li>\n\n\n\n<li>10\/5: Dia das M\u00e3es<\/li>\n\n\n\n<li>12\/6: Dia dos Namorados<\/li>\n\n\n\n<li>9\/8: Dia dos Pais<\/li>\n\n\n\n<li>12\/10: Dia das Crian\u00e7as<\/li>\n\n\n\n<li>27\/11: Black Friday<\/li>\n\n\n\n<li>2\/12: Cyber Monday<\/li>\n\n\n\n<li>25\/12: Natal<\/li>\n<\/ul>\n\n\n\n<h2 class=\"wp-block-heading\">Por que 2026 exige um planejamento financeiro diferente?<\/h2>\n\n\n\n<p>2026 conta com oito a dez feriad\u00f5es prolongados, dependendo de emendas.Isso ocorre porque a maioria dos feriados cai em segundas, sextas ou pr\u00f3ximas aos fins de semana.<\/p>\n\n\n\n<p>Feriad\u00f5es prolongam per\u00edodos de lazer e viagens, reduzindo vendas em alguns setores, mas aumentando em turismo e varejo sazonal.<\/p>\n\n\n\n<p>No fim do ano, a concentra\u00e7\u00e3o de datas (setembro a dezembro) pressiona estoque e campanhas.<\/p>\n\n\n\n<p>E assim, o mercado mais competitivo exige a\u00e7\u00f5es antecipadas para manter margens.<\/p>\n\n\n\n<h2 class=\"wp-block-heading\">Quais s\u00e3o os principais prazos fiscais em 2026?<\/h2>\n\n\n\n<p>Os principais impostos que seguem datas fixas s\u00e3o DAS, IRPJ, CSLL e obriga\u00e7\u00f5es trabalhistas mensais que tamb\u00e9m devem estar no calend\u00e1rio do empreendedor.&nbsp;<\/p>\n\n\n\n<p>De acordo com o calend\u00e1rio fiscal oficial, temos:<\/p>\n\n\n\n<figure class=\"wp-block-table\"><table class=\"has-fixed-layout\"><tbody><tr><td><strong>Obriga\u00e7\u00e3o<\/strong><\/td><td><strong>Vencimento<\/strong><\/td><td><strong>Detalhes<\/strong><\/td><\/tr><tr><td>DAS (<a href=\"https:\/\/agilize.com.br\/blog\/gestao-contabil-e-fiscal\/simples-nacional\/\">Simples Nacional<\/a>)<\/td><td>Todo dia 20 do m\u00eas seguinte<\/td><td>Pagamento mensal unificado<\/td><\/tr><tr><td>Fechamento de folha + e<a href=\"https:\/\/agilize.com.br\/blog\/gestao-do-dia-a-dia\/esocial-empresa-preparada\/\">Social<\/a><\/td><td>At\u00e9 dia 15 de cada m\u00eas<\/td><td>Obriga\u00e7\u00f5es trabalhistas<\/td><\/tr><tr><td>IRPJ\/CSLL (trimestral)<\/td><td>Abril, julho, outubro, dezembro<\/td><td>Para empresas no regime trimestral<\/td><\/tr><tr><td>Declara\u00e7\u00e3o <a href=\"https:\/\/agilize.com.br\/blog\/gestao-contabil-e-fiscal\/como-declarar-imposto-de-renda\/\">IRPF<\/a><\/td><td>Geralmente at\u00e9 31\/5 (referente a 2025)<\/td><td>A confirmar pela Receita Federal<\/td><\/tr><\/tbody><\/table><\/figure>\n\n\n\n<figure class=\"wp-block-embed is-type-video is-provider-youtube wp-block-embed-youtube wp-embed-aspect-16-9 wp-has-aspect-ratio\"><div class=\"wp-block-embed__wrapper\">\n<iframe loading=\"lazy\" title=\"EVITE PROCESSOS TRABALHISTAS NA SUA EMPRESA [DICAS]\" width=\"500\" height=\"281\" src=\"https:\/\/www.youtube.com\/embed\/bZF2M_ptGAk?feature=oembed\" frameborder=\"0\" allow=\"accelerometer; autoplay; clipboard-write; encrypted-media; gyroscope; picture-in-picture; web-share\" referrerpolicy=\"strict-origin-when-cross-origin\" allowfullscreen><\/iframe>\n<\/div><\/figure>\n\n\n\n<h2 class=\"wp-block-heading\">Datas importantes para empres\u00e1rios<\/h2>\n\n\n\n<p>Al\u00e9m das datas tradicionais, o empreendedor deve observar marcos internos e per\u00edodos estrat\u00e9gicos do neg\u00f3cio, por exemplo:<\/p>\n\n\n\n<ul class=\"wp-block-list\">\n<li><strong>Janeiro<\/strong>: revis\u00e3o de pre\u00e7os, metas e or\u00e7amento anual.<\/li>\n\n\n\n<li><strong>Mar\u00e7o<\/strong>: demanda por servi\u00e7os financeiros e cont\u00e1beis aumenta.<\/li>\n\n\n\n<li><strong>Julho<\/strong>: revis\u00e3o das metas do segundo semestre.<\/li>\n\n\n\n<li><strong>Setembro<\/strong>: planejamento pr\u00e9-Black Friday.<\/li>\n\n\n\n<li><strong>Dezembro<\/strong>: fechamento fiscal e cont\u00e1bil.<\/li>\n<\/ul>\n\n\n\n<h2 class=\"wp-block-heading\">Como o calend\u00e1rio comercial 2026 ajuda meu neg\u00f3cio?<\/h2>\n\n\n\n<p>O calend\u00e1rio ajuda porque centraliza prazos e oportunidades. A sua principal vantagem \u00e9 facilitar a organiza\u00e7\u00e3o de campanhas e a tomada de decis\u00e3o.&nbsp;<\/p>\n\n\n\n<p>No entanto, veja outros pontos sobre como ele pode te ajudar:<\/p>\n\n\n\n<ul class=\"wp-block-list\">\n<li>Planejar <a href=\"https:\/\/agilize.com.br\/blog\/crescer-seu-negocio\/promocao-de-vendas\/\">promo\u00e7\u00f5e<\/a>s com anteced\u00eancia.<\/li>\n\n\n\n<li>Evitar multas fiscais.<\/li>\n\n\n\n<li>Prever demanda e gerenciar estoque\/caixa.<\/li>\n\n\n\n<li>Reduzir imprevistos operacionais.<\/li>\n<\/ul>\n\n\n\n<h2 class=\"wp-block-heading\">Quais a\u00e7\u00f5es de marketing posso fazer em cada data?<\/h2>\n\n\n\n<p>As a\u00e7\u00f5es sazonais s\u00e3o essenciais para impulsionar <a href=\"https:\/\/agilize.com.br\/blog\/crescer-seu-negocio\/ideias-criativas-para-aumentar-as-vendas\/\">vendas<\/a>, refor\u00e7ar a marca e aumentar a reten\u00e7\u00e3o ao longo do ano, principalmente porque cada data mobiliza o p\u00fablico de maneiras diferentes.<\/p>\n\n\n\n<p>No per\u00edodo de volta \u00e0s aulas, por exemplo, \u00e9 estrat\u00e9gico apostar em campanhas que tragam solu\u00e7\u00f5es de organiza\u00e7\u00e3o e produtividade, j\u00e1 que muitas pessoas est\u00e3o retomando rotinas e buscando ferramentas para come\u00e7ar o ano com mais foco.<\/p>\n\n\n\n<p>Em datas emocionais como Dia das M\u00e3es e Dia dos Namorados, vale investir em narrativas mais profundas, storytelling e ofertas que reforcem v\u00ednculo e cuidado, pois o p\u00fablico est\u00e1 mais receptivo a mensagens sentimentais.<\/p>\n\n\n\n<p>J\u00e1 a <a href=\"https:\/\/agilize.com.br\/blog\/crescer-seu-negocio\/promocao-de-vendas\/\">Black Friday<\/a> pede planejamento antecipado, ent\u00e3o \u00e9 importante iniciar as campanhas preparat\u00f3rias desde outubro \u00e9 essencial para aquecer o p\u00fablico, fortalecer a percep\u00e7\u00e3o de valor e garantir que sua marca esteja no topo da mente quando as compras realmente come\u00e7am.<\/p>\n\n\n\n<p>No Natal, o foco muda novamente para recompra e aumento de ticket m\u00e9dio, e campanhas que apresentam kits especiais, combina\u00e7\u00f5es de produtos e sugest\u00f5es de presentes funcionam muito bem.<\/p>\n\n\n\n<p>Assim,<strong> entender o <\/strong><a href=\"https:\/\/agilize.com.br\/blog\/crescer-seu-negocio\/comportmento-do-consumidor\/\"><strong>comportamento do consumidor<\/strong><\/a><strong> em cada momento \u00e9 o que permite criar a\u00e7\u00f5es realmente assertivas e lucrativas.<\/strong><\/p>\n\n\n\n<h2 class=\"wp-block-heading\">Como aproveitar o m\u00e1ximo do calend\u00e1rio comercial 2026?<\/h2>\n\n\n\n<p>O segredo \u00e9 <strong>planejar as campanhas com meses de anteced\u00eancia<\/strong>. Isso porque permite fazer um marketing agressivo e organizar sua opera\u00e7\u00e3o para absorver picos de tr\u00e1fego e vendas sem perder qualidade na entrega.<\/p>\n\n\n\n<p>Outro fator decisivo \u00e9 <strong>adaptar sua mensagem ao momento emocional e \u00e0s necessidades pr\u00e1ticas de cada per\u00edodo<\/strong>.<\/p>\n\n\n\n<p>Vale ressaltar que o calend\u00e1rio comercial s\u00f3 gera resultado quando h\u00e1 continuidade. Portanto, \u00e9 recomendado transformar as datas sazonais em ciclos, de pr\u00e9-campanha, campanha e p\u00f3s-campanha, cria um fluxo constante de relacionamento, recompra e fideliza\u00e7\u00e3o.<\/p>\n\n\n\n<h3 class=\"wp-block-heading\">Conte com a Agilize para ter sucesso em 2026<\/h3>\n\n\n\n<p>O calend\u00e1rio comercial 2026 ajuda a prever picos de demanda, evita atrasos fiscais, orienta a\u00e7\u00f5es de marketing e organiza o fluxo de caixa. Quanto antes ele for integrado ao planejamento do seu neg\u00f3cio, maiores as chances de ter um ano est\u00e1vel e bem estruturado.<\/p>\n\n\n\n<p>E quando falamos de a\u00e7\u00f5es estrat\u00e9gicas n\u00e3o podemos esquecer da <strong>import\u00e2ncia de estar com a burocracia em dia<\/strong>. Para isso, ter uma contabilidade completa e eficiente, o empres\u00e1rio precisa seguir o calend\u00e1rio comercial, entender o financeiro para essas a\u00e7\u00f5es e \u00e0s obriga\u00e7\u00f5es da sua empresa m\u00eas a m\u00eas.<\/p>\n\n\n\n<p>Contar com a Agilize Contabilidade pode tornar esse processo mais \u00e1gil e pr\u00e1tico. N\u00f3s j\u00e1 ajudamos empreendedores <strong>h\u00e1 mais de 13 anos a manterem suas obriga\u00e7\u00f5es em dia, evita multas, d\u00e1 suporte especializado<\/strong> e oferece orienta\u00e7\u00e3o para que 2026 seja um ano previs\u00edvel e s\u00f3lido.<\/p>\n\n\n\n<p>Clique abaixo e veja como!<\/p>\n\n\n\n\n\t\t\t<style>\n\t\t\t\t.btn-agz-banner{\n\t\t\t\t\tuser-select: none;\n\t\t\t\t\tdisplay: inline-block;\n\t\t\t\t\ttext-align: center;\n\t\t\t\t\ttext-decoration: none;\n\t\t\t\t\tvertical-align: middle;\n\t\t\t\t\tcursor: pointer;\n\t\t\t\t\twidth: 100%;\n\t\t\t\t\talign-self: center;\n\t\t\t\t\topacity: 1;\n\t\t\t\t\ttransition: all .25s ease-in-out;\n\t\t\t\t\tmargin: 1rem auto;\n\t\t\t\t}\n\t\t\t\t.btn-agz-banner:hover {\n\t\t\t\t\topacity: 0.9;\n\t\t\t\t\ttransition: all .25s ease-in-out;\n\t\t\t\t}\n\t\t\t\t.img-agz-banner {\n\t\t\t\t\toverflow: auto;\n\t\t\t\t\tborder-radius: 0.5rem;\n\t\t\t\t}\n\t\t\t<\/style>\n\t\t<a id=\"btn-cta-banner\" class=\"btn-agz-banner\" onclick=\"gtag('event', 'clicou_banner_blogpost');\"  title=\"Quero falar com a Agilize\" ><img decoding=\"async\" class=\"img-agz-banner\" src=\"https:\/\/agilize.com.br\/blog\/wp-content\/uploads\/2023\/12\/banner_2-2.webp\"\/><\/a>\n\t\t\t<script>\n\t\t\t\tvar popUpId = \"agz-modal-conversion-form\";\n\t\t\t\tdocument.getElementById(\"btn-cta-banner\").addEventListener(\"click\", function (event) {\n\t\t\t\t\tdocument.getElementById(popUpId).style.display = \"flex\";\n\t\t\t\t});\n\t\t\t<\/script>\n\t\t\t\n\t\t\n\n\n\n<p><\/p>\n","protected":false},"excerpt":{"rendered":"<p>O calend\u00e1rio comercial 2026 lista feriados nacionais, datas comemorativas e prazos fiscais chave. Ele ajuda empreendedores a prever picos de vendas, organizar estoque e cumprir obriga\u00e7\u00f5es legais.\u00a0 Em 2026, nove dos dez feriados nacionais caem em dias \u00fateis, criando at\u00e9 oito oportunidades de feriados prolongados. Confira, a seguir, todas as datas mais importantes de 2026, [&hellip;]<\/p>\n","protected":false},"author":12,"featured_media":44136,"comment_status":"open","ping_status":"open","sticky":false,"template":"","format":"standard","meta":{"footnotes":""},"categories":[83],"tags":[],"class_list":["post-44135","post","type-post","status-publish","format-standard","has-post-thumbnail","hentry","category-crescer-seu-negocio"],"_links":{"self":[{"href":"https:\/\/agilize.com.br\/blog\/wp-json\/wp\/v2\/posts\/44135","targetHints":{"allow":["GET"]}}],"collection":[{"href":"https:\/\/agilize.com.br\/blog\/wp-json\/wp\/v2\/posts"}],"about":[{"href":"https:\/\/agilize.com.br\/blog\/wp-json\/wp\/v2\/types\/post"}],"author":[{"embeddable":true,"href":"https:\/\/agilize.com.br\/blog\/wp-json\/wp\/v2\/users\/12"}],"replies":[{"embeddable":true,"href":"https:\/\/agilize.com.br\/blog\/wp-json\/wp\/v2\/comments?post=44135"}],"version-history":[{"count":1,"href":"https:\/\/agilize.com.br\/blog\/wp-json\/wp\/v2\/posts\/44135\/revisions"}],"predecessor-version":[{"id":44139,"href":"https:\/\/agilize.com.br\/blog\/wp-json\/wp\/v2\/posts\/44135\/revisions\/44139"}],"wp:featuredmedia":[{"embeddable":true,"href":"https:\/\/agilize.com.br\/blog\/wp-json\/wp\/v2\/media\/44136"}],"wp:attachment":[{"href":"https:\/\/agilize.com.br\/blog\/wp-json\/wp\/v2\/media?parent=44135"}],"wp:term":[{"taxonomy":"category","embeddable":true,"href":"https:\/\/agilize.com.br\/blog\/wp-json\/wp\/v2\/categories?post=44135"},{"taxonomy":"post_tag","embeddable":true,"href":"https:\/\/agilize.com.br\/blog\/wp-json\/wp\/v2\/tags?post=44135"}],"curies":[{"name":"wp","href":"https:\/\/api.w.org\/{rel}","templated":true}]}}