{"id":43527,"date":"2025-07-17T20:06:33","date_gmt":"2025-07-17T23:06:33","guid":{"rendered":"https:\/\/agilize.com.br\/blog\/?p=43527"},"modified":"2025-10-31T10:48:51","modified_gmt":"2025-10-31T13:48:51","slug":"imposto-sobre-valor-agregado","status":"publish","type":"post","link":"https:\/\/agilize.com.br\/blog\/gestao-contabil-e-fiscal\/imposto-sobre-valor-agregado\/","title":{"rendered":"O que \u00e9 o Imposto sobre Valor Agregado (IVA) e como funciona a tributa\u00e7\u00e3o?"},"content":{"rendered":"\n<figure class=\"wp-block-image size-full is-resized\"><img loading=\"lazy\" decoding=\"async\" width=\"627\" height=\"450\" src=\"https:\/\/agilize.com.br\/blog\/wp-content\/uploads\/2025\/07\/imposto-sobre-valor-agregado.png\" alt=\"imposto-sobre-valor-agregado\" class=\"wp-image-43528\" style=\"width:840px;height:auto\"\/><\/figure>\n\n\n\n<p>A Reforma Tribut\u00e1ria \u00e9, sem d\u00favida, o tema mais relevante e impactante para o cen\u00e1rio fiscal brasileiro dos \u00faltimos tempos. No centro dessa mudan\u00e7a est\u00e1 a <strong>cria\u00e7\u00e3o do Imposto sobre Valor Agregado (IVA),<\/strong> um modelo de tributa\u00e7\u00e3o que promete simplificar a forma como empresas e consumidores lidam com os impostos.<\/p>\n\n\n\n<p>Mas o que \u00e9 esse tal de IVA? Como ele funciona na pr\u00e1tica? E o mais importante: como ele vai afetar a sua empresa? Se voc\u00ea se faz essas perguntas, este artigo \u00e9 para voc\u00ea.<\/p>\n\n\n\n<p>Vamos descomplicar o Imposto sobre Valor Agregado no Brasil, explicar a sua estrutura, as al\u00edquotas previstas e, claro, como ele vai impactar o seu neg\u00f3cio. Nosso objetivo \u00e9 que voc\u00ea entenda de vez o que est\u00e1 por vir e como se preparar para essa nova era fiscal. Confira aqui:<\/p>\n\n\n\n<ol class=\"wp-block-list\">\n<li><a href=\"#O-que-\u00e9-Imposto-sobre-Valor-Agregado-(IVA)?\">O que \u00e9 Imposto sobre Valor Agregado (IVA)?<\/a><\/li>\n\n\n\n<li><a href=\"#Quais-impostos-comp\u00f5em-o-IVA?\">Quais impostos comp\u00f5em o IVA?<\/a><\/li>\n\n\n\n<li><a href=\"#Qual-\u00e9-o-objetivo-da-tributa\u00e7\u00e3o?\">Qual o objetivo da tributa\u00e7\u00e3o?<\/a><\/li>\n\n\n\n<li><a href=\"#O-que-\u00e9-o-IVA-Dual?\">O que \u00e9 o IVA Dual?<\/a><\/li>\n\n\n\n<li><a href=\"#Como-funciona-o-Imposto-sobre-Valor-Agregado?\">Como funciona o Imposto sobre Valor Agregado?<\/a><\/li>\n\n\n\n<li><a href=\"#E-o-Imposto-Seletivo-(IS),-como-vai-funcionar?\">E o Imposto Seletivo (IS), como vai funcionar?<\/a><\/li>\n\n\n\n<li><a href=\"#Como-o-IVA-\u00e9-calculado?\">Como o IVA \u00e9 calculado?<\/a><\/li>\n\n\n\n<li><a href=\"#Al\u00edquota-do-IVA-no-Brasil\">Al\u00edquota do IVA no Brasil<\/a><\/li>\n\n\n\n<li><a href=\"#Quem-precisa-pagar-o-Imposto-sobre-Valor-Agregado?\">Quem precisa pagar o Imposto sobre Valor Agregado?<\/a><\/li>\n\n\n\n<li><a href=\"#Como-o-pagamento-do-IVA-\u00e9-feito?\">Como o pagamento do IVA \u00e9 feito?<\/a><\/li>\n\n\n\n<li><a href=\"#Como-o-Imposto-sobre-Valor-Agregado-impacta-as-empresas?\">Como o Imposto sobre Valor Agregado impacta as empresas?<\/a><\/li>\n\n\n\n<li><a href=\"#Quando-o-IVA-come\u00e7a-a-valer-no-Brasil?\">Quando o IVA come\u00e7a a valer no Brasil?<\/a><\/li>\n<\/ol>\n\n\n\n<h2 class=\"wp-block-heading\" id=\"O-que-\u00e9-Imposto-sobre-Valor-Agregado-(IVA)?\">O que \u00e9 Imposto sobre Valor Agregado (IVA)?<\/h2>\n\n\n\n<p>O Imposto sobre Valor Agregado (IVA) \u00e9 um tipo de imposto sobre consumo que incide apenas sobre o &#8220;valor adicionado&#8221; em cada etapa da cadeia de produ\u00e7\u00e3o e comercializa\u00e7\u00e3o.<\/p>\n\n\n\n<p>Em vez de cobrar o imposto v\u00e1rias vezes sobre o valor total do produto ou servi\u00e7o (o que chamamos de cumulatividade ou &#8220;imposto em cascata&#8221;), o IVA garante que o tributo seja pago somente sobre o acr\u00e9scimo de valor que cada empresa d\u00e1 ao bem ou servi\u00e7o.<\/p>\n\n\n\n<p>Imagine um produto que passa por v\u00e1rias m\u00e3os, desde a mat\u00e9ria-prima at\u00e9 chegar ao consumidor final. Em cada etapa (produ\u00e7\u00e3o, atacado, varejo), a empresa agrega um valor (transformando a mat\u00e9ria-prima, adicionando servi\u00e7o, lucro, etc.). O IVA incide exatamente sobre esse valor novo que foi adicionado.<\/p>\n\n\n\n<p>Essa metodologia j\u00e1 \u00e9 utilizada em mais de 170 pa\u00edses ao redor do mundo, incluindo a maioria das na\u00e7\u00f5es europeias, Canad\u00e1 e muitos pa\u00edses da Am\u00e9rica Latina. \u00c9 considerado um modelo moderno e eficiente porque:<\/p>\n\n\n\n<ul class=\"wp-block-list\">\n<li><strong>Evita a cumulatividade:<\/strong> o imposto n\u00e3o se acumula sobre imposto, tornando a tributa\u00e7\u00e3o mais justa ao longo da cadeia.<\/li>\n\n\n\n<li><strong>Reduz o Custo Brasil:<\/strong> diminui os custos tribut\u00e1rios embutidos nas exporta\u00e7\u00f5es e nos investimentos.<\/li>\n\n\n\n<li><strong>Aumenta a transpar\u00eancia:<\/strong> facilita o entendimento de quanto imposto est\u00e1 sendo pago em cada etapa.<\/li>\n<\/ul>\n\n\n\n<p>A proposta da Reforma Tribut\u00e1ria no Brasil \u00e9 justamente adaptar esse modelo para nossa realidade, substituindo uma s\u00e9rie de impostos atuais por um sistema mais simples e transparente.<\/p>\n\n\n\n<h2 class=\"wp-block-heading\" id=\"Quais-impostos-comp\u00f5em-o-IVA?\">Quais impostos comp\u00f5em o IVA?<\/h2>\n\n\n\n<p>No Brasil, o IVA vir\u00e1 na forma de um IVA Dual, ou seja, dois impostos que trabalhar\u00e3o de forma coordenada para substituir cinco tributos federais, estaduais e municipais. Ele vai unificar os seguintes impostos:<\/p>\n\n\n\n<ul class=\"wp-block-list\">\n<li><strong>PIS (Programa de Integra\u00e7\u00e3o Social):<\/strong> federal, sobre a receita bruta das empresas.<\/li>\n\n\n\n<li><strong>Cofins (Contribui\u00e7\u00e3o para o Financiamento da Seguridade Social):<\/strong> federal, tamb\u00e9m sobre a receita bruta.<\/li>\n\n\n\n<li><strong>IPI (Imposto sobre Produtos Industrializados):<\/strong> federal, sobre produtos industrializados.<\/li>\n\n\n\n<li><strong>ICMS (Imposto sobre Opera\u00e7\u00f5es relativas \u00e0 Circula\u00e7\u00e3o de Mercadorias e sobre Presta\u00e7\u00f5es de Servi\u00e7os de Transporte Interestadual e Intermunicipal e de Comunica\u00e7\u00e3o):<\/strong> estadual, sobre a circula\u00e7\u00e3o de mercadorias e servi\u00e7os de transporte e comunica\u00e7\u00e3o.<\/li>\n\n\n\n<li><strong>ISS (Imposto Sobre Servi\u00e7os de Qualquer Natureza):<\/strong> municipal, sobre a presta\u00e7\u00e3o de servi\u00e7os.<\/li>\n<\/ul>\n\n\n\n<p>A unifica\u00e7\u00e3o desses impostos complexos em um IVA \u00fanico representa uma das maiores simplifica\u00e7\u00f5es tribut\u00e1rias da hist\u00f3ria do pa\u00eds. Por isso, importante ter um especialistas para te auxiliar em qualquer d\u00favida tribut\u00e1ria.<\/p>\n\n\n\n\n\t\t\t<style>\n\t\t\t\t.agz-conversion-form {\n\t\t\t\t\theight: inherit;\n\t\t\t\t\tbackground: #fff;\n\t\t\t\t\tborder-radius: 1rem;\n\t\t\t\t\tpadding: 0.5rem;\n\t\t\t\t\tcolor: #595066;\n\t\t\t\t\tfont-family: Inter,sans-serif;\n\t\t\t\t\tbox-shadow: 0 3px 20px 1px rgb(65 58 79 \/ 6%);\n\t\t\t\t\tuser-select: none;\n\t\t\t\t}\n\t\t\t\t.agz-conversion-form form{\n\t\t\t\t\tborder-radius: 0.5rem;\n\t\t\t\t\tbackground-color: #E5E2E9;\n\t\t\t\t}\n\t\t\t\t.agz-conversion-form h6{\n\t\t\t\t\tfont-size: xx-large;\n\t\t\t\t\tcolor: #7a4dbf;\n    \t\t\t\tfont-weight: 700;\n\t\t\t\t\ttext-align: center;\n\t\t\t\t}\n\t\t\t\t.agz-conversion-form input,\n\t\t\t\t.agz-conversion-form select {\n\t\t\t\t\tborder: 1px solid #C3BDCC;\n\t\t\t\t\tborder-radius: 8px;\n\t\t\t\t\tpadding: 0.5rem 1rem;\n\t\t\t\t\toutline: 0;\n\t\t\t\t}\n\t\t\t\t.agz-conversion-form button {\n\t\t\t\t\twidth: fit-content; \n\t\t\t\t\tbackground: #26bf87;\n\t\t\t\t\ttext-transform: uppercase;\n\t\t\t\t\tbox-shadow: 0 4px 10px 1px rgb(38 191 135 \/ 15%);\n\t\t\t\t\tborder-radius: 2rem;\n\t\t\t\t\tfont-family: Inter,sans-serif;\n\t\t\t\t\tfont-weight: 700;\n\t\t\t\t\tfont-size: large;\n\t\t\t\t\tcolor: #fff;\n\t\t\t\t\talign-self: center;\n\t\t\t\t\ttransition: background .25s;\n\t\t\t\t\tcursor: pointer;\n\t\t\t\t}\n\t\t\t\t.agz-conversion-form button:hover {\n\t\t\t\t\tcolor: #fff;\n\t\t\t\t\tbackground: #5fedb9;\n\t\t\t\t\ttransition: background .25s;\n\t\t\t\t}\n\t\t\t\t.agz-conversion-form button:active {\n\t\t\t\t\toutline: 0;\n\t\t\t\t}\n\t\t\t\t#agz-conversion-form-success{\n\t\t\t\t\tborder-radius: 0.5rem;\n\t\t\t\t\tbackground-color: #7a4dbf;\n\t\t\t\t\tdisplay: none;\n\t\t\t\t}\n\t\t\t\t#agz-conversion-form-success h6, #agz-conversion-form-success p{\n\t\t\t\t\tcolor: white !important;\n\t\t\t\t}\n\t\t\t<\/style>\n\t\t\t<aside class=\"agz-conversion-form\">\n\t\t\t\t<div id=\"agz-conversion-form-success\" class=\"agz-conversion-form container p-4\">\n\t\t\t\t\t<div class=\"row\">\n\t\t\t\t\t\t<h6 class=\"col-md-10 col-12 mx-auto p-0 mt-0\">Recebemos sua solicita\u00e7\u00e3o e em breve entraremos em contato.<\/h6>\n\t\t\t\t\t\t<p class=\"text-center mb-0 col-md-10 col-12 mx-auto p-0\">Voc\u00ea receber\u00e1 um telefonema nosso em breve. Fique de olho em liga\u00e7\u00f5es inclusive com DDD de outros estados, sabemos que \u00e9 chato, mas \u00e9 s\u00f3 por hoje, combinado?<\/p>\n\t\t\t\t\t\t<p class=\"text-center col-md-10 col-12 mx-auto p-0\">Tamb\u00e9m enviamos um e-mail para voc\u00ea, quando puder, confere l\u00e1!<p>\n\t\t\t\t\t<\/div>\n\t\t\t\t<\/div>\n\t\t\t\t<form id=\"conversion-form\" class=\"agz-conversion-form container p-4\" novalidate=\"novalidate\">\n\t\t\t\t\t<div class=\"row\">\n\t\t\t\t\t\t<h6 class=\"col-md-10 col-12 mx-auto p-0 mt-0\">Solicite uma proposta e conhe\u00e7a nossos servi\u00e7os.<\/h6>\n\t\t\t\t\t\t<p class=\"text-center mb-0 col-md-10 col-12 mx-auto p-0\">Valores - Planos - Benef\u00edcios Inclu\u00eddos - Funcionalidades<\/p>\n\t\t\t\t\t\t<p class=\"text-center col-md-10 col-12 mx-auto p-0\">Tire as suas d\u00favidas - Fazemos quest\u00e3o de ajudar!<p>\n\t\t\t\t\t<\/div>\n\t\t\t\t\t<div class=\"row col-md-10 col-12 mx-auto\">\n\t\t\t\t\t\t<div class=\"form-group mb-2\">\n\t\t\t\t\t\t\t<label class=\"title\">Nome*<\/label>\n\t\t\t\t\t\t\t<input type=\"text\" name=\"name\" id=\"name\" class=\"w-100 mt-1\" aria-required=\"true\"\n\t\t\t\t\t\t\tplaceholder=\"Digite seu nome\" required autocomplete=\"off\">\n\t\t\t\t\t\t  \t<label id=\"name_error\" class=\"invalid-feedback text-right\" for=\"name\">Este campo \u00e9 requerido.<\/label>\n\t\t\t\t\t\t<\/div>\n\t\t\t\t\t\t<div class=\"form-group mb-2\">\n\t\t\t\t\t\t\t<label class=\"title\">E-mail*<\/label>\n\t\t\t\t\t\t\t<input type=\"email\" name=\"email\" id=\"email\" class=\"w-100 mt-1\" aria-required=\"true\"\n\t\t\t\t\t\t\tplaceholder=\"Digite seu e-mail\" required autocomplete=\"off\">\n\t\t\t\t\t\t\t<label id=\"email_error\" class=\"invalid-feedback text-right\" for=\"email\">Informe um e-mail v\u00e1lido.<\/label>\n\t\t\t\t\t\t<\/div>\n\t\t\t\t\t  \t<div class=\"form-group mb-2\">\n\t\t\t\t\t\t\t<label class=\"title\">Telefone*<\/label>\n\t\t\t\t\t\t\t<input type=\"tel\" name=\"phone_number\" id=\"phone_number\" class=\"w-100 mt-1\" placeholder=\"(00) 00000-0000\"\n\t\t\t\t\t\t  required autocomplete=\"off\">\n\t\t\t\t\t\t\t<label id=\"phone_number_error\" class=\"invalid-feedback text-right\" for=\"phone_number\">Informe telefone\n\t\t\t\t\t\t  v\u00e1lido.<\/label>\n\t\t\t\t\t  \t<\/div>\n\t\t\t\t\t\t<div class=\"form-group col-md-5 col-12 mb-2\">\n\t\t\t\t\t\t\t<label class=\"title\">Estado*<\/label>\n\t\t\t\t\t\t\t<select name=\"uf\" id=\"uf\" class=\"valid w-100 mt-1\" aria-required=\"true\" required aria-invalid=\"false\">\n\t\t\t\t\t\t\t\t<option value=\"\" disabled selected>Selecione seu estado<\/option>\n\t\t\t\t\t\t\t\t<option value=\"AC\">Acre<\/option>\n\t\t\t\t\t\t\t\t<option value=\"AL\">Alagoas<\/option>\n\t\t\t\t\t\t\t\t<option value=\"AP\">Amap\u00e1<\/option>\n\t\t\t\t\t\t\t\t<option value=\"AM\">Amazonas<\/option>\n\t\t\t\t\t\t\t\t<option value=\"BA\">Bahia<\/option>\n\t\t\t\t\t\t\t\t<option value=\"CE\">Cear\u00e1<\/option>\n\t\t\t\t\t\t\t\t<option value=\"DF\">Distrito Federal<\/option>\n\t\t\t\t\t\t\t\t<option value=\"ES\">Esp\u00edrito Santo<\/option>\n\t\t\t\t\t\t\t\t<option value=\"GO\">Goi\u00e1s<\/option>\n\t\t\t\t\t\t\t\t<option value=\"MA\">Maranh\u00e3o<\/option>\n\t\t\t\t\t\t\t\t<option value=\"MT\">Mato Grosso<\/option>\n\t\t\t\t\t\t\t\t<option value=\"MS\">Mato Grosso do Sul<\/option>\n\t\t\t\t\t\t\t\t<option value=\"MG\">Minas Gerais<\/option>\n\t\t\t\t\t\t\t\t<option value=\"PA\">Par\u00e1<\/option>\n\t\t\t\t\t\t\t\t<option value=\"PB\">Para\u00edba<\/option>\n\t\t\t\t\t\t\t\t<option value=\"PR\">Paran\u00e1<\/option>\n\t\t\t\t\t\t\t\t<option value=\"PE\">Pernambuco<\/option>\n\t\t\t\t\t\t\t\t<option value=\"PI\">Piau\u00ed<\/option>\n\t\t\t\t\t\t\t\t<option value=\"RJ\">Rio de Janeiro<\/option>\n\t\t\t\t\t\t\t\t<option value=\"RN\">Rio Grande do Norte<\/option>\n\t\t\t\t\t\t\t\t<option value=\"RS\">Rio Grande do Sul<\/option>\n\t\t\t\t\t\t\t\t<option value=\"RO\">Rond\u00f4nia<\/option>\n\t\t\t\t\t\t\t\t<option value=\"RR\">Roraima<\/option>\n\t\t\t\t\t\t\t\t<option value=\"SC\">Santa Catarina<\/option>\n\t\t\t\t\t\t\t\t<option value=\"SP\">S\u00e3o Paulo<\/option>\n\t\t\t\t\t\t\t\t<option value=\"SE\">Sergipe<\/option>\n\t\t\t\t\t\t\t\t<option value=\"TO\">Tocantins<\/option>\n\t\t\t\t\t\t\t<\/select>\n\t\t\t\t\t\t\t<label id=\"uf_error\" class=\"invalid-feedback text-right\" for=\"uf\">Este campo \u00e9 requerido.<\/label>\n\t\t\t\t\t\t<\/div>\n\t\t\t\t\t\t<div class=\"form-group col-md-7 col-12 mb-2\">\n\t\t\t\t\t\t\t<label class=\"title\">Cidade*<\/label>\n\t\t\t\t\t\t\t<select name=\"city_code\" id=\"city_code\" class=\"w-100 mt-1 valid\" aria-required=\"true\" required\n\t\t\t\t\t\t\taria-invalid=\"false\">\n\t\t\t\t\t\t\t<option value=\"\" disabled selected>Selecione um estado<\/option>\n\t\t\t\t\t\t\t<\/select>\n\t\t\t\t\t\t\t<label id=\"city_code_error\" class=\"invalid-feedback text-right\" for=\"city_code\">Este campo \u00e9 requerido.<\/label>\n\t\t\t\t\t\t<\/div>\n\n\n\t\t\t\t\t\t<div class=\"form-group col-md-6 col-12 mb-2\">\n\t\t\t\t\t\t\t<label class=\"title\">Qual servi\u00e7o deseja?*<\/label>\n\t\t\t\t\t\t\t<select name=\"service\" id=\"service\" class=\"w-100 mt-1 valid\" aria-required=\"true\" required\n\t\t\t\t\t\t\taria-invalid=\"false\">\n\t\t\t\t\t\t\t\t<option value=\"\" disabled selected>Selecione o servi\u00e7o<\/option>\n\t\t\t\t\t\t\t\t<option value=\"migracao\">Trocar de contador<\/option>\n\t\t\t\t\t\t\t\t<option value=\"abertura\">Abrir uma empresa<\/option>\n\t\t\t\t\t\t\t\t<option value=\"mei\">Contabilidade para MEI<\/option>\n                    \t\t\t<option value=\"mei-abertura\">Abertura MEI<\/option>\n                    \t\t\t<option value=\"mei-me\">Transformar de MEI para ME<\/option>\n\t\t\t\t\t\t\t<\/select>\n\t\t\t\t\t\t\t<label id=\"service_error\" class=\"invalid-feedback text-right\" for=\"service\">Este campo \u00e9 requerido.<\/label>\n\t\t\t\t\t\t<\/div>\n\t\t\t\t\t\t<div class=\"form-group col-md-6 col-12 mb-2\">\n\t\t\t\t\t\t\t<label class=\"title\">Qual atividade da sua empresa?*<\/label>\n\t\t\t\t\t\t\t<select name=\"company_type\" id=\"company_type\" class=\"w-100 mt-1 valid\" aria-required=\"true\" required\n\t\t\t\t\t\t\taria-invalid=\"false\">\n\t\t\t\t\t\t\t\t<option value=\"\" disabled selected>Selecione a \u00e1rea de atua\u00e7\u00e3o da sua empresa?<\/option>\n\t\t\t\t\t\t\t\t<option value=\"comercio\">Com\u00e9rcio<\/option>\n\t\t\t\t\t\t\t\t<option value=\"servico\">Servi\u00e7o<\/option>\n\t\t\t\t\t\t\t\t<option value=\"comercio servico\">Com\u00e9rcio e Servi\u00e7o<\/option>\n\t\t\t\t\t\t\t<\/select>\n\t\t\t\t\t\t\t<label id=\"company_type_error\" class=\"invalid-feedback text-right\" for=\"company_type\">Este campo \u00e9 requerido.<\/label>\n\t\t\t\t\t\t<\/div>\n\n\n\t\t\t\t\t<\/div>\t\t\t\t\n\t\t\t\t\t<div class=\"w-100 text-center\">\n\t\t\t\t\t\t<button id=\"btn-submit-contact\" type=\"submit\" class=\"btn my-4 shadow-none text-uppercase\">CLIQUE E RECEBA NOSSO CONTATO<\/button>\n\t\t\t\t\t<\/div>\n\t\t\t\t\t<p class=\"text-center col-md-10 col-12 m-0 mx-auto p-0\">Seus dados est\u00e3o seguros conosco. Ao solicitar uma proposta, voc\u00ea concorda com nossos <a target=\"_blank\" href=\"https:\/\/agilize.com.br\/termos-de-uso\">Termos de uso<\/a> e <a target=\"_blank\" href=\"https:\/\/agilize.com.br\/politica-de-privacidade\">Pol\u00edtica de privacidade<\/a>.<p>\n\t\t\t\t<\/form>\n\t\t\t<\/aside>\n\t\t\t<script>\n\t\t\t\tfunction getApiUrl() {\n\t\t\t\t\treturn \"https:\/\/api-growth.agilize.com.br\";\n\t\t\t\t}\n\t\t\t\tfunction validateFormInputs(email, phone) {\n\t\t\t\t\tif (email && phone) {\n\t\t\t\t\t\tvar regexEmail = \/^([\\w\\.\\-]+)@([\\w\\-]+)((\\.(\\w){2,3})+)$\/m;\n\t\t\t\t\t\tvar regexAllSame = \/^(\\d)(?!\\1+$)\\d{11}$\/;\n\t\t\t\t\t\tif (regexEmail.test(email) && (phone.length == 10 || phone.length == 11)) {\n\t\t\t\t\t\t\treturn true;\n\t\t\t\t\t\t}\n\t\t\t\t\t\treturn false;\n\t\t\t\t\t}\n\t\t\t\t\treturn false;\n\t\t\t\t}\n\t\t\t\tdocument.getElementById(\"phone_number\").addEventListener(\"keyup\", function (event) {\n\t\t\t\t\tvar value = event.target.value.replace(\/\\D\/g, \"\");\n\t\t\t\t\tvalue = value.replace(\/^0\/, \"\");\n\t\t\t\t\tif (value.length > 10) {\n\t\t\t\t\t\tvalue = value.replace(\/^(\\d\\d)(\\d{5})(\\d{4}).*\/, \"($1) $2-$3\");\n\t\t\t\t\t} else if (value.length > 5) {\n\t\t\t\t\t\tvalue = value.replace(\/^(\\d\\d)(\\d{4})(\\d{0,4}).*\/, \"($1) $2-$3\");\n\t\t\t\t\t} else if (value.length > 2) {\n\t\t\t\t\t\tvalue = value.replace(\/^(\\d\\d)(\\d{0,5})\/, \"($1) $2\");\n\t\t\t\t\t} else {\n\t\t\t\t\t\tvalue = value.replace(\/^(\\d*)\/, \"($1\");\n\t\t\t\t\t}\n\t\t\t\t\tevent.target.value = value;\n\t\t\t\t});\n\t\t\t\tdocument.getElementById(\"conversion-form\").addEventListener(\"submit\", function (event) {\n\t\t\t\t\tevent.preventDefault();\n\t\t\t\t\tevent.stopPropagation();\n\t\t\t\t\tdocument.getElementById(\"conversion-form\").classList.add(\"was-validated\");\n\t\t\t\t\tvar name = document.getElementById(\"name\").value || undefined;\n\t\t\t\t\tvar email = document.getElementById(\"email\").value || undefined;\n\t\t\t\t\tvar service = document.getElementById(\"service\").value || undefined;\n\t\t\t\t\tvar company_type = document.getElementById(\"company_type\").value || undefined;\n\t\t\t\t\tvar phone_number = document.getElementById(\"phone_number\").value || undefined;\n\t\t\t\t\tvar city_code = document.getElementById(\"city_code\").value || undefined;\n\t\t\t\t\tvar tracking = localStorage.LDTKR_AGZ;\n\t\t\t\t\tif (phone_number) {\n\t\t\t\t\t\tphone_number = phone_number.replace(\/\\D+\/g, \"\");\n\t\t\t\t\t}\n\t\t\t\t\tif (!validateFormInputs(email, phone_number)) {\n\t\t\t\t\t\treturn null;\n\t\t\t\t\t}\n\t\t\t\t\tif (name == \"\" || name == undefined || email == \"\" || email == undefined || service == \"\" || service == \t\t\t\t\t\tundefined || company_type == \"\" || company_type == undefined || phone_number == \"\" || phone_number \t\t\t\t\t\t\t== undefined || city_code == \"\" || city_code == undefined){\n\t\t\t\t\t\treturn null;\n\t\t\t\t\t}\n\t\t\t\t\tif (company_type) {\n\t\t\t\t\t\tcompany_type = company_type.split(\" \");\n\t\t\t\t\t}\n\t\t\t\t\tvar btnSubmit = document.getElementById(\"btn-submit-contact\");\n\t\t\t\t\tbtnSubmit.disabled = true;\n\t\t\t\t\tbtnSubmit.innerHTML = \"Enviando...\";\n\t\t\t\t\tvar tracking = agzTKRV2.getTrackerData();\n\t\t\t\t\tvar objectData = {\n\t\t\t\t\t\tid: agzTKRV2.getID(),\n\t\t\t\t\t\tname,\n\t\t\t\t\t\temail,\n\t\t\t\t\t\tphone_number,\n\t\t\t\t\t\tservice_id: getServiceID(service),\n\t\t\t\t\t\tcity_id: parseInt(city_code),\n\t\t\t\t\t\tcompany_types: getCompanyTypesIDs(company_type),\n\t\t\t\t\t\tscore: agzTKRV2.getScore(),\n\t\t\t\t\t\ttracking: {\n\t\t\t\t\t\t\t...tracking,\n\t\t\t\t\t\t},\n\t\t\t\t\t\tlead_navigation: agzTKRV2.getNavigationHistoryData(),\n\t\t\t\t\t\tconversion_at: new Date(),\n\t\t\t\t\t}\n\t\t\t\t\tif (objectData) {\n\t\t\t\t\t\tfetch(getApiUrl() + \"\/v1\/leads\", {\n\t\t\t\t\t\t\tmethod: \"POST\",\n\t\t\t\t\t\t\theaders: {\n\t\t\t\t\t\t\t\t\"Accept\": \"application\/json\",\n\t\t\t\t\t\t\t\t\"Content-Type\": \"application\/json\"\n\t\t\t\t\t\t\t},\n\t\t\t\t\t\t\tbody: JSON.stringify(objectData)\n\t\t\t\t\t\t}).then(response => response.json())\n\t\t\t\t\t\t\t.then(result => {\n\t\t\t\t\t\t\t\tdocument.getElementById(\"conversion-form\").style.display = \"none\";\n\t\t\t\t\t\t\t\tdocument.getElementById(\"agz-conversion-form-success\").style.display = \"block\";\n\t\t\t\t\t\t\t\tdocument.getElementById(\"name\").value = \"\";\n\t\t\t\t\t\t\t\tdocument.getElementById(\"email\").value = \"\";\n\t\t\t\t\t\t\t\tdocument.getElementById(\"phone_number\").value = \"\";\n\t\t\t\t\t\t\t\tdocument.getElementById(\"uf\").value = \"\";\n\t\t\t\t\t\t\t\tdocument.getElementById(\"city_code\").value = \"\";\n\t\t\t\t\t\t\t\tbtnSubmit.disabled = false;\n\t\t\t\t\t\t\t\tbtnSubmit.innerHTML = \"CLIQUE E RECEBA NOSSO CONTATO\";\n\t\t\t\t\t\t\t})\n\t\t\t\t\t}\n\t\t\t\t\tagzTKRV2.resetTracker().then(()=> console.info(\"identifier updated\"));\n\t\t\t\t\tgtag(\"event\", \"conversao_lead_novo_comercial_formulario_blogpost\");\n\t\t\t\t});\n\t\t\t\tdocument.getElementById(\"uf\").addEventListener(\"change\", function (event) {\n\t\t\t\t\tvar uf = event.target.value;\n\t\t\t\t\tvar url = getApiUrl() + \"\/v1\/outside\/cities\/uf\/\" + uf;\n\t\t\t\t\tvar citySelect = document.getElementById(\"city_code\");\n\t\t\t\t\tcitySelect.options.length = 0;\n\t\t\t\t\tcitySelect.add(new Option(\"Buscando cidades...\", \"\"));\n\t\t\t\t\tfetch(url).then(response => response.json()).then(result => {\n\t\t\t\t\t\tif (result.success) {\n\t\t\t\t\t\t\tcitySelect.options.length = 0;\n\t\t\t\t\t\t\tcitySelect.add(new Option(\"Selecione sua cidade\", \"\"));\n\t\t\t\t\t\t\tfor (var i = 0; i < result.payload.length; i++) {\n\t\t\t\t\t\t\t\tcitySelect.add(new Option(result.payload[i].name, result.payload[i].id));\n\t\t\t\t\t\t\t}\n\t\t\t\t\t\t} else {\n\t\t\t\t\t\t\talert(\"N\u00e3o foi possivel carregas as cidades, tente novamente.\");\n\t\t\t\t\t\t}\n\t\t\t\t\t}).catch(() => alert(\"N\u00e3o foi possivel carregas as cidades, tente novamente.\"))\n\t\t\t\t});\n\t\t\t<\/script>\n\t\t\n\n\n\n<h2 class=\"wp-block-heading\" id=\"Qual-\u00e9-o-objetivo-da-tributa\u00e7\u00e3o?\">Qual \u00e9 o objetivo da tributa\u00e7\u00e3o?<\/h2>\n\n\n\n<p>O objetivo principal da tributa\u00e7\u00e3o em qualquer pa\u00eds \u00e9 financiar as despesas p\u00fablicas e redistribuir a renda. No Brasil, com a Reforma Tribut\u00e1ria e a implementa\u00e7\u00e3o do IVA, os objetivos s\u00e3o mais amplos:<\/p>\n\n\n\n<ul class=\"wp-block-list\">\n<li><strong>Simplifica\u00e7\u00e3o:<\/strong> reduzir a complexidade do sistema tribut\u00e1rio brasileiro, que hoje \u00e9 considerado um dos mais onerosos e confusos do mundo para empresas e cidad\u00e3os.<\/li>\n\n\n\n<li><strong>Desburocratiza\u00e7\u00e3o:<\/strong> diminuir o tempo e os custos que as empresas gastam para calcular e pagar impostos.<\/li>\n\n\n\n<li><strong>Transpar\u00eancia:<\/strong> tornar mais claro o valor dos impostos pagos em cada etapa da cadeia produtiva, do in\u00edcio ao fim.<\/li>\n\n\n\n<li><strong>Neutralidade:<\/strong> evitar que a tributa\u00e7\u00e3o influencie decis\u00f5es econ\u00f4micas das empresas (como a escolha entre produzir ou importar, ou entre contratar ou terceirizar). O IVA, por incidir sobre o valor agregado, busca ser neutro para a economia.<\/li>\n\n\n\n<li><strong>Equidade:<\/strong> promover uma distribui\u00e7\u00e3o de carga tribut\u00e1ria mais justa, diminuindo a cumulatividade e o efeito &#8220;imposto sobre imposto&#8221;.<\/li>\n\n\n\n<li><strong>Melhora da competitividade:<\/strong> reduzir o chamado Custo Brasil e tornar os produtos e servi\u00e7os brasileiros mais competitivos no mercado internacional, especialmente para exporta\u00e7\u00e3o.<\/li>\n<\/ul>\n\n\n\n<p>Historicamente, o Brasil sempre teve uma carga tribut\u00e1ria alta e um sistema extremamente fragmentado, com muitas regras e exce\u00e7\u00f5es.<\/p>\n\n\n\n<p>Isso gerava inseguran\u00e7a jur\u00eddica, prejudicava investimentos e dificultava a vida dos empreendedores. A Reforma e o IVA v\u00eam como uma tentativa de reverter esse cen\u00e1rio, buscando modernizar e tornar a tributa\u00e7\u00e3o mais eficiente.<\/p>\n\n\n\n<h2 class=\"wp-block-heading\" id=\"O-que-\u00e9-o-IVA-Dual?\">O que \u00e9 o IVA Dual?<\/h2>\n\n\n\n<p>Como mencionamos, o modelo de IVA que ser\u00e1 implementado no Brasil \u00e9 um IVA Dual. Isso significa que ele ser\u00e1 composto por dois impostos, <strong>um de compet\u00eancia federal e outro de compet\u00eancia estadual e municipal,<\/strong> que, embora separados, funcionar\u00e3o com regras muito semelhantes para garantir a n\u00e3o cumulatividade plena.<\/p>\n\n\n\n<p>Essa escolha pelo modelo Dual foi uma solu\u00e7\u00e3o para respeitar o pacto federativo brasileiro, mantendo a autonomia de Uni\u00e3o, Estados e Munic\u00edpios na gest\u00e3o de seus impostos. Confira os componentes do IVA Dual:<\/p>\n\n\n\n<ul class=\"wp-block-list\">\n<li><strong>CBS (Contribui\u00e7\u00e3o sobre Bens e Servi\u00e7os):<\/strong> este ser\u00e1 o <a href=\"https:\/\/agilize.com.br\/blog\/gestao-fiscal\/reforma-tributaria\/imposto-cbs\/\">componente federal<\/a> do IVA. Ele unificar\u00e1 o PIS, a Cofins e o IPI. A gest\u00e3o e arrecada\u00e7\u00e3o da CBS ficar\u00e3o a cargo da Receita Federal.<\/li>\n\n\n\n<li><strong>IBS (Imposto sobre Bens e Servi\u00e7os):<\/strong> este ser\u00e1 o <a href=\"https:\/\/agilize.com.br\/blog\/gestao-fiscal\/imposto-sobre-bens-e-servicos\/\">componente subnacional<\/a> do IVA. Ele unificar\u00e1 o ICMS (estadual) e o ISS (municipal). A gest\u00e3o e arrecada\u00e7\u00e3o do IBS ser\u00e3o realizadas por um \u00f3rg\u00e3o centralizado, o Comit\u00ea Gestor do IBS, que ter\u00e1 participa\u00e7\u00e3o de estados e munic\u00edpios.<\/li>\n<\/ul>\n\n\n\n<p>Apesar de serem dois impostos distintos (CBS e IBS), a ideia \u00e9 que suas regras de incid\u00eancia, base de c\u00e1lculo e aproveitamento de cr\u00e9ditos sejam as mesmas, ou seja, eles ter\u00e3o a mesma &#8220;cara&#8221; para o contribuinte.<\/p>\n\n\n\n<p>Isso garantir\u00e1 a t\u00e3o sonhada simplifica\u00e7\u00e3o e a n\u00e3o cumulatividade plena em todo o territ\u00f3rio nacional.<\/p>\n\n\n\n<h2 class=\"wp-block-heading\" id=\"Como-funciona-o-Imposto-sobre-Valor-Agregado?\">Como funciona o Imposto sobre Valor Agregado?<\/h2>\n\n\n\n<p>O funcionamento do Imposto sobre Valor Agregado (IVA) \u00e9 o cora\u00e7\u00e3o da Reforma Tribut\u00e1ria e se baseia na <strong>n\u00e3o cumulatividade plena.<\/strong><\/p>\n\n\n\n<p>Isso significa que, em cada etapa da produ\u00e7\u00e3o ou circula\u00e7\u00e3o de um bem ou servi\u00e7o, a empresa paga o imposto, mas tem o direito de utilizar o imposto pago nas etapas anteriores como &#8220;cr\u00e9dito&#8221;.<\/p>\n\n\n\n<p>Imagine a jornada de uma garrafa de suco:<\/p>\n\n\n\n<ul class=\"wp-block-list\">\n<li><strong>Produtor de frutas<\/strong>: vende as frutas para a ind\u00fastria de sucos. Ele paga IVA sobre essa venda.<\/li>\n\n\n\n<li><strong>Ind\u00fastria de sucos<\/strong>: compra as frutas (e paga IVA sobre elas). Quando a ind\u00fastria vende o suco pronto para o supermercado, ela paga IVA sobre essa venda. No entanto, ela deduz do imposto a pagar o valor do IVA que j\u00e1 pagou ao comprar as frutas. Ou seja, ela paga IVA apenas sobre o &#8220;valor que ela adicionou&#8221; (transformando a fruta em suco).<\/li>\n\n\n\n<li><strong>Supermercado<\/strong>: compra o suco da ind\u00fastria (e paga IVA sobre ele). Quando o supermercado vende o suco para voc\u00ea, consumidor final, ele paga IVA sobre essa venda. Novamente, ele deduz do imposto a pagar o valor do IVA que j\u00e1 pagou ao comprar o suco da ind\u00fastria. Ele paga IVA apenas sobre o &#8220;valor que ele adicionou&#8221; (a margem de lucro do supermercado).<\/li>\n\n\n\n<li><strong>Consumidor final<\/strong>: quando voc\u00ea compra o suco, voc\u00ea paga o pre\u00e7o final que j\u00e1 inclui todo o IVA acumulado ao longo da cadeia. Voc\u00ea, como consumidor, \u00e9 quem efetivamente &#8220;sustenta&#8221; o imposto, pois n\u00e3o tem como tomar cr\u00e9dito do IVA.<\/li>\n<\/ul>\n\n\n\n<p>Esse mecanismo garante que o imposto n\u00e3o seja cobrado v\u00e1rias vezes sobre a mesma base e que o custo tribut\u00e1rio seja repassado at\u00e9 o consumidor final de forma transparente.&nbsp;<\/p>\n\n\n\n<p>Para as empresas, significa que o imposto pago em suas aquisi\u00e7\u00f5es n\u00e3o se torna um custo, mas sim um cr\u00e9dito a ser abatido.<\/p>\n\n\n\n<h2 class=\"wp-block-heading\" id=\"E-o-Imposto-Seletivo-(IS),-como-vai-funcionar?\">E o Imposto Seletivo (IS), como vai funcionar?<\/h2>\n\n\n\n<p>Al\u00e9m do IVA Dual (CBS e IBS), a Reforma Tribut\u00e1ria tamb\u00e9m cria o Imposto Seletivo (IS), apelidado de &#8220;imposto do pecado&#8221;.<\/p>\n\n\n\n<p>Ao contr\u00e1rio do IVA, que busca ser neutro, o Imposto Seletivo tem uma finalidade extrafiscal, ou seja, <strong>seu objetivo n\u00e3o \u00e9 apenas arrecadar, mas tamb\u00e9m desestimular o consumo de certos bens e servi\u00e7os que s\u00e3o considerados prejudiciais \u00e0 sa\u00fade ou ao meio ambiente.<\/strong><\/p>\n\n\n\n<p>O Imposto Seletivo incidir\u00e1 uma \u00fanica vez na cadeia produtiva, geralmente na produ\u00e7\u00e3o ou importa\u00e7\u00e3o dos bens. Ele ser\u00e1 cobrado sobre:<\/p>\n\n\n\n<ul class=\"wp-block-list\">\n<li>Cigarros e produtos de tabaco para desestimular o tabagismo.<\/li>\n\n\n\n<li>Bebidas alco\u00f3licas para desestimular o consumo excessivo.<\/li>\n\n\n\n<li>Bebidas a\u00e7ucaradas, com o mesmo objetivo de desest\u00edmulo ao consumo excessivo.<\/li>\n\n\n\n<li>Ve\u00edculos automotores e embarca\u00e7\u00f5es com foco em ve\u00edculos que emitem mais poluentes.<\/li>\n\n\n\n<li>Produtos minerais extra\u00eddos: como o min\u00e9rio de ferro, devido ao impacto ambiental da extra\u00e7\u00e3o.<\/li>\n<\/ul>\n\n\n\n<p>A al\u00edquota do Imposto Seletivo ainda ser\u00e1 definida por Lei Complementar, mas a ideia \u00e9 que ela seja <strong>alta o suficiente para impactar o pre\u00e7o final desses produtos e, assim, influenciar o comportamento dos consumidores.<\/strong><\/p>\n\n\n\n<p>\u00c9 importante notar que o IS n\u00e3o incidir\u00e1 sobre as exporta\u00e7\u00f5es e ter\u00e1 suas pr\u00f3prias regras de cobran\u00e7a, separadas do IVA.<\/p>\n\n\n\n<h2 class=\"wp-block-heading\" id=\"Como-o-IVA-\u00e9-calculado?\">Como o IVA \u00e9 calculado?<\/h2>\n\n\n\n<p>O c\u00e1lculo do Imposto sobre Valor Agregado (IVA), seja o CBS ou o IBS, segue a l\u00f3gica da n\u00e3o cumulatividade, utilizando o m\u00e9todo de cr\u00e9dito financeiro.<\/p>\n\n\n\n<p>Isso significa que o valor a ser recolhido ser\u00e1 a diferen\u00e7a entre o imposto cobrado sobre as vendas (d\u00e9bito) e o imposto pago sobre as compras (cr\u00e9dito).<\/p>\n\n\n\n<p>A f\u00f3rmula b\u00e1sica \u00e9:<\/p>\n\n\n\n<ul class=\"wp-block-list\">\n<li><strong>IVA a Pagar = (Valor da Venda x Al\u00edquota do IVA) &#8211; (Valor da Compra x Al\u00edquota do IVA)<\/strong><\/li>\n<\/ul>\n\n\n\n<p>Vamos a um exemplo pr\u00e1tico:<\/p>\n\n\n\n<p>Imagine uma f\u00e1brica de cadeiras que vende para uma loja de m\u00f3veis. A al\u00edquota hipot\u00e9tica do IVA \u00e9 de 25%.<\/p>\n\n\n\n<p><strong>Etapa 1: f\u00e1brica de cadeiras (Pessoa A)<\/strong><\/p>\n\n\n\n<ul class=\"wp-block-list\">\n<li>A f\u00e1brica compra madeira e outros materiais por R$ 1.000,00<\/li>\n\n\n\n<li>IVA pago na compra: R$ 1.000,00 x 25% = R$ 250,00 (cr\u00e9dito para a f\u00e1brica)<\/li>\n\n\n\n<li>A f\u00e1brica transforma a madeira em cadeiras e as vende para a loja de m\u00f3veis por R$ 1.500,00<\/li>\n\n\n\n<li>IVA devido na venda: R$ 1.500,00 x 25% = R$ 375,00 (d\u00e9bito para a f\u00e1brica)<\/li>\n\n\n\n<li>IVA a recolher pela f\u00e1brica: R$ 375,00 (D\u00e9bito) &#8211; R$ 250,00 (Cr\u00e9dito) = R$ 125,00<\/li>\n<\/ul>\n\n\n\n<p>Observe que R$ 125,00 \u00e9 25% do valor adicionado pela f\u00e1brica (R$ 1.500 &#8211; R$ 1.000 = R$ 500 de valor adicionado. 25% de R$ 500 \u00e9 R$ 125).<\/p>\n\n\n\n<p><strong>Etapa 2: loja de m\u00f3veis (Pessoa B)<\/strong><\/p>\n\n\n\n<ul class=\"wp-block-list\">\n<li>A loja de m\u00f3veis compra as cadeiras da f\u00e1brica por R$ 1.500,00 (pre\u00e7o que j\u00e1 inclui o IVA da etapa anterior)<\/li>\n\n\n\n<li>IVA pago na compra: R$ 1.500,00 x 25% = R$ 375,00 (cr\u00e9dito para a loja)<\/li>\n\n\n\n<li>A loja vende as cadeiras para o consumidor final por R$ 2.000,00<\/li>\n\n\n\n<li>IVA devido na venda: R$ 2.000,00 x 25% = R$ 500,00 (d\u00e9bito para a loja)<\/li>\n\n\n\n<li>IVA a recolher pela Loja: R$ 500,00 (d\u00e9bito) &#8211; R$ 375,00 (cr\u00e9dito) = R$ 125,00<\/li>\n<\/ul>\n\n\n\n<p>Neste exemplo, o IVA efetivamente recolhido em cada etapa \u00e9 de R$ 125,00, que corresponde a 25% do valor adicionado por cada empresa.<\/p>\n\n\n\n<p>O consumidor final paga o IVA total de R$ 500,00 (25% sobre o pre\u00e7o final de R$ 2.000,00).<\/p>\n\n\n\n<p>Esse m\u00e9todo garante que o imposto incida apenas sobre o valor novo que cada empresa agrega ao produto ou servi\u00e7o, eliminando a cumulatividade.<\/p>\n\n\n\n<h2 class=\"wp-block-heading\" id=\"Al\u00edquota-do-IVA-no-Brasil\">Al\u00edquota do IVA no Brasil<\/h2>\n\n\n\n<p>A al\u00edquota padr\u00e3o do IVA no Brasil (somat\u00f3ria da CBS e do IBS) ainda n\u00e3o foi definida em lei, mas as proje\u00e7\u00f5es iniciais indicam que ela ser\u00e1 <strong>uma das mais altas do mundo<\/strong> para compensar a ampla gera\u00e7\u00e3o de cr\u00e9ditos.<\/p>\n\n\n\n<p>Estimativas de institutos como o Insper e o Ipea, baseadas nas propostas do Minist\u00e9rio da Fazenda, sugerem que a al\u00edquota padr\u00e3o <strong>pode ficar em torno de 25% a 27%.<\/strong> No entanto, \u00e9 importante ressaltar que:<\/p>\n\n\n\n<ul class=\"wp-block-list\">\n<li><strong>N\u00e3o ser\u00e1 uma al\u00edquota \u00fanica para todos:<\/strong> haver\u00e1 exce\u00e7\u00f5es, como al\u00edquotas reduzidas (60% da al\u00edquota padr\u00e3o) para setores como sa\u00fade, educa\u00e7\u00e3o, transportes coletivos, alimentos b\u00e1sicos e medicamentos.<\/li>\n\n\n\n<li><strong>Al\u00edquota zero:<\/strong> alguns itens, como parte da cesta b\u00e1sica, ter\u00e3o al\u00edquota zero.<\/li>\n\n\n\n<li><strong>Regimes diferenciados:<\/strong> setores espec\u00edficos (como combust\u00edveis, servi\u00e7os financeiros, cooperativas e imobili\u00e1rio) e o <a href=\"https:\/\/agilize.com.br\/blog\/gestao-fiscal\/simples-nacional\/\">Simples Nacional<\/a> ter\u00e3o regimes de tributa\u00e7\u00e3o diferenciados.<\/li>\n<\/ul>\n\n\n\n<p>O objetivo da alta al\u00edquota nominal \u00e9 justamente permitir a ampla concess\u00e3o de cr\u00e9ditos tribut\u00e1rios. Assim, embora o percentual pare\u00e7a elevado, o imposto efetivamente pago ao longo da cadeia produtiva ser\u00e1 apenas sobre o valor adicionado. A al\u00edquota final ser\u00e1 definida por Lei Complementar ap\u00f3s a regulamenta\u00e7\u00e3o da Reforma.<\/p>\n\n\n\n<h2 class=\"wp-block-heading\" id=\"Quem-precisa-pagar-o-Imposto-sobre-Valor-Agregado?\">Quem precisa pagar o Imposto sobre Valor Agregado?<\/h2>\n\n\n\n<p>Apesar de o IVA ser um imposto sobre consumo, o contribuinte de fato \u00e9 o consumidor final \u2013 ou seja, quem compra o produto ou servi\u00e7o e n\u00e3o pode tomar cr\u00e9dito do imposto pago.<\/p>\n\n\n\n<p>No entanto, quem faz o pagamento e a arrecada\u00e7\u00e3o do IVA para o governo s\u00e3o as empresas que vendem bens ou prestam servi\u00e7os.<\/p>\n\n\n\n<p>Simplificando:<\/p>\n\n\n\n<ul class=\"wp-block-list\">\n<li><strong>Empresas (Pessoas Jur\u00eddicas)<\/strong> s\u00e3o os contribuintes de direito. Elas recolhem o IVA sobre suas vendas, abatem os cr\u00e9ditos das suas compras e repassam a diferen\u00e7a para o governo. Isso inclui ind\u00fastrias, atacadistas, varejistas e prestadores de servi\u00e7os.<\/li>\n\n\n\n<li><strong>Consumidor Final (Pessoa F\u00edsica ou Jur\u00eddica que n\u00e3o usa para revenda\/produ\u00e7\u00e3o)<\/strong> \u00e9 o contribuinte de fato. Ele paga o IVA embutido no pre\u00e7o final do produto ou servi\u00e7o e n\u00e3o tem direito a cr\u00e9ditos.<\/li>\n<\/ul>\n\n\n\n<p>Existem regimes de transi\u00e7\u00e3o e exce\u00e7\u00f5es, como o Simples Nacional, que, em geral, n\u00e3o se submeter\u00e1 \u00e0s regras do IVA Dual e continuar\u00e1 com seu regime simplificado.<\/p>\n\n\n\n<p>Portanto, a obrigatoriedade de pagamento e apura\u00e7\u00e3o do IVA ser\u00e1 para a maioria das empresas que n\u00e3o estiverem em regimes espec\u00edficos.<\/p>\n\n\n\n<h2 class=\"wp-block-heading\" id=\"Como-o-pagamento-do-IVA-\u00e9-feito?\">Como o pagamento do IVA \u00e9 feito?<\/h2>\n\n\n\n<p>O pagamento do Imposto sobre Valor Agregado (IVA), referente \u00e0 CBS e ao IBS, ser\u00e1 simplificado em compara\u00e7\u00e3o com o sistema atual. A ideia \u00e9 que ele ocorra por meio de uma \u00fanica guia de pagamento, consolidando os dois impostos.<\/p>\n\n\n\n<ul class=\"wp-block-list\">\n<li><strong>Apura\u00e7\u00e3o mensal:<\/strong> as empresas dever\u00e3o apurar o IVA devido mensalmente, calculando a diferen\u00e7a entre os d\u00e9bitos (IVA sobre as vendas) e os cr\u00e9ditos (IVA sobre as compras).<\/li>\n\n\n\n<li><strong>Recolhimento centralizado:<\/strong> a arrecada\u00e7\u00e3o do IBS (estadual e municipal) ser\u00e1 feita por um Comit\u00ea Gestor unificado. Isso significa que, em vez de pagar ICMS para um estado e ISS para um munic\u00edpio separadamente, as empresas far\u00e3o um \u00fanico pagamento para o IBS, que ser\u00e1 ent\u00e3o redistribu\u00eddo aos entes federativos. A CBS (federal) ser\u00e1 recolhida pela Receita Federal.<\/li>\n\n\n\n<li><strong>Plataforma digital:<\/strong> a expectativa \u00e9 que todo o processo de apura\u00e7\u00e3o e pagamento seja feito por meio de plataformas digitais, simplificando a burocracia e a gest\u00e3o fiscal para as empresas.<\/li>\n<\/ul>\n\n\n\n<p>O objetivo \u00e9 reduzir o n\u00famero de obriga\u00e7\u00f5es acess\u00f3rias e guias de pagamento, trazendo mais agilidade e menos erros para o empreendedor.<\/p>\n\n\n\n<h2 class=\"wp-block-heading\" id=\"Como-o-Imposto-sobre-Valor-Agregado-impacta-as-empresas?\">Como o Imposto sobre Valor Agregado impacta as empresas?<\/h2>\n\n\n\n<p>A implementa\u00e7\u00e3o do Imposto sobre Valor Agregado (IVA) vai transformar o cen\u00e1rio de neg\u00f3cios no Brasil, trazendo impactos variados que dependem muito do setor e do modelo de empresa.<\/p>\n\n\n\n<p>Para a maioria das empresas, um dos maiores benef\u00edcios ser\u00e1 a simplifica\u00e7\u00e3o da burocracia. A dr\u00e1stica redu\u00e7\u00e3o na complexidade de apurar e pagar impostos, com menos tributos para calcular e menos regras distintas, significa uma grande economia de tempo e custos com conformidade.<\/p>\n\n\n\n<p>Al\u00e9m disso, setores que compram muitos insumos e mat\u00e9rias-primas, como ind\u00fastrias e atacadistas, tendem a se beneficiar significativamente da n\u00e3o cumulatividade plena.<\/p>\n\n\n\n<p>O imposto pago nessas compras vai virar cr\u00e9dito, o que pode reduzir o custo real de seus produtos e, consequentemente, aumentar a competitividade no mercado.<\/p>\n\n\n\n<p>Por outro lado, haver\u00e1 uma mudan\u00e7a na carga tribut\u00e1ria efetiva para alguns setores. \u00c9 o caso de servi\u00e7os que hoje est\u00e3o no Lucro Presumido e n\u00e3o geram muitos cr\u00e9ditos (como algumas empresas de TI ou consultoria), que podem ver a al\u00edquota do IVA parecer mais alta que o total pago atualmente em PIS, Cofins e ISS.<\/p>\n\n\n\n<p>No entanto, \u00e9 fundamental uma an\u00e1lise aprofundada, j\u00e1 que a capacidade de tomar cr\u00e9ditos em novas situa\u00e7\u00f5es pode mitigar parte desse impacto.<\/p>\n\n\n\n<p>Outro ponto relevante \u00e9 a transpar\u00eancia na precifica\u00e7\u00e3o: o imposto ficar\u00e1 mais vis\u00edvel no pre\u00e7o final, o que pode levar a um ajuste nas estrat\u00e9gias de forma\u00e7\u00e3o de pre\u00e7os das empresas.<\/p>\n\n\n\n<p>O impacto no fluxo de caixa tamb\u00e9m \u00e9 um fator importante. Empresas que hoje acumulam muitos cr\u00e9ditos n\u00e3o aproveitados (e que se tornam um custo) ter\u00e3o um al\u00edvio. Contudo, a forma e o momento de aproveitamento desses cr\u00e9ditos precisar\u00e3o ser bem gerenciados para otimizar o fluxo de caixa.<\/p>\n\n\n\n<p>Por fim, as empresas do Simples Nacional ter\u00e3o um tratamento diferenciado: em geral, n\u00e3o aproveitar\u00e3o os cr\u00e9ditos do IVA, e as empresas do regime normal que comprarem delas tamb\u00e9m n\u00e3o poder\u00e3o tomar cr\u00e9dito.<\/p>\n\n\n\n<p>Isso pode impactar a competitividade entre empresas do Simples e do regime normal, exigindo uma reavalia\u00e7\u00e3o de regime.<\/p>\n\n\n\n<p>Em resumo, a Reforma Tribut\u00e1ria com o IVA busca um sistema mais justo e eficiente. No entanto, a adapta\u00e7\u00e3o exigir\u00e1 um bom planejamento e um acompanhamento cont\u00e1bil constante para <a href=\"https:\/\/agilize.com.br\/blog\/gestao-fiscal\/reforma-tributaria\/o-que-muda-com-a-reforma-tributaria\/\">navegar por essas mudan\u00e7as<\/a>.<\/p>\n\n\n\n<h2 class=\"wp-block-heading\" id=\"Quando-o-IVA-come\u00e7a-a-valer-no-Brasil?\">Quando o IVA come\u00e7a a valer no Brasil?<\/h2>\n\n\n\n<p>A implementa\u00e7\u00e3o do IVA no Brasil ser\u00e1 feita por um longo per\u00edodo de transi\u00e7\u00e3o, garantindo que tanto as empresas quanto o governo possam se adaptar gradualmente \u00e0s novas regras. O cronograma, estabelecido pela Emenda Constitucional 132\/2023, \u00e9 o seguinte:<\/p>\n\n\n\n<h3 class=\"wp-block-heading\">2026<\/h3>\n\n\n\n<ul class=\"wp-block-list\">\n<li><strong>In\u00edcio do per\u00edodo de testes:<\/strong> a CBS (federal) e o IBS (estadual\/municipal) come\u00e7ar\u00e3o a ser testados com uma al\u00edquota de 0,3% para a CBS e 0,1% para o IBS. Este per\u00edodo \u00e9 para que as empresas e o Comit\u00ea Gestor do IBS se familiarizem com os novos sistemas.<\/li>\n\n\n\n<li><strong>Extin\u00e7\u00e3o do PIS e Cofins:<\/strong> esses impostos ser\u00e3o extintos para dar lugar \u00e0 CBS.<\/li>\n<\/ul>\n\n\n\n<h3 class=\"wp-block-heading\">2027 a 2032<\/h3>\n\n\n\n<ul class=\"wp-block-list\">\n<li><strong>In\u00edcio da CBS:<\/strong> a CBS passar\u00e1 a ser cobrada em sua al\u00edquota plena, j\u00e1 com o PIS e Cofins extintos.<\/li>\n\n\n\n<li><strong>Transi\u00e7\u00e3o ICMS e ISS para IBS:<\/strong> o ICMS e o ISS come\u00e7ar\u00e3o a ter suas al\u00edquotas gradualmente reduzidas, enquanto a al\u00edquota do IBS ser\u00e1 gradualmente aumentada. A ideia \u00e9 que, ao final desse per\u00edodo, o IBS esteja em sua al\u00edquota plena e os impostos antigos sejam quase zerados.<\/li>\n<\/ul>\n\n\n\n<h3 class=\"wp-block-heading\">2033<\/h3>\n\n\n\n<ul class=\"wp-block-list\">\n<li><strong>Extin\u00e7\u00e3o total:<\/strong> o IPI ser\u00e1 totalmente extinto. O ICMS e o ISS ser\u00e3o zerados, e o IBS assumir\u00e1 sua al\u00edquota plena. O IVA (CBS e IBS) estar\u00e1 em pleno vigor em todo o pa\u00eds.<\/li>\n<\/ul>\n\n\n\n<h3 class=\"wp-block-heading\">2029 a 2032 &#8211; transi\u00e7\u00e3o de benef\u00edcios fiscais<\/h3>\n\n\n\n<p>Os regimes fiscais especiais e os benef\u00edcios fiscais concedidos pelos estados e munic\u00edpios atualmente come\u00e7ar\u00e3o a ser reduzidos gradualmente at\u00e9 serem eliminados em 2032.<\/p>\n\n\n\n<p>Esse longo per\u00edodo de transi\u00e7\u00e3o \u00e9 essencial para que todos os envolvidos \u2013 empresas, sistemas de gest\u00e3o, contadores e o pr\u00f3prio fisco \u2013 se adaptem sem grandes choques \u00e0 nova realidade tribut\u00e1ria.<\/p>\n\n\n\n<h3 class=\"wp-block-heading\">Conhe\u00e7a a Agilize<\/h3>\n\n\n\n<figure class=\"wp-block-embed is-type-video is-provider-youtube wp-block-embed-youtube wp-embed-aspect-16-9 wp-has-aspect-ratio\"><div class=\"wp-block-embed__wrapper\">\n<iframe loading=\"lazy\" title=\"AGILIZE CONTABILIDADE ONLINE\" width=\"500\" height=\"281\" src=\"https:\/\/www.youtube.com\/embed\/9Z5_wYezT04?feature=oembed\" frameborder=\"0\" allow=\"accelerometer; autoplay; clipboard-write; encrypted-media; gyroscope; picture-in-picture; web-share\" referrerpolicy=\"strict-origin-when-cross-origin\" allowfullscreen><\/iframe>\n<\/div><\/figure>\n\n\n\n<p>A Reforma Tribut\u00e1ria e a chegada do Imposto sobre Valor Agregado (IVA) transformam a contabilidade no Brasil. Entender esse novo modelo e seus impactos \u00e9 a diferen\u00e7a entre a conformidade e problemas futuros com o fisco.<\/p>\n\n\n\n<p>Nesse cen\u00e1rio de mudan\u00e7as, ter um parceiro cont\u00e1bil especializado \u00e9 mais do que um diferencial \u2013 <strong>\u00e9 uma necessidade.<\/strong> A Agilize, sua contabilidade online, est\u00e1 pronta para te guiar nessa jornada.<\/p>\n\n\n\n<p>Com o nosso apoio voc\u00ea ter\u00e1 a tranquilidade de saber que a sua empresa est\u00e1 sempre em conformidade, focada no crescimento e pronta para as oportunidades que a Reforma trar\u00e1. Nossos contadores especializados oferecem:<\/p>\n\n\n\n<ul class=\"wp-block-list\">\n<li><strong>Orienta\u00e7\u00e3o sobre o IVA:<\/strong> entenda o novo modelo, seus cr\u00e9ditos e d\u00e9bitos, e como ele se aplica \u00e0 sua empresa.<\/li>\n\n\n\n<li><strong>Planejamento tribut\u00e1rio estrat\u00e9gico:<\/strong> analisamos seu cen\u00e1rio para projetar o melhor regime tribut\u00e1rio no p\u00f3s-Reforma.<\/li>\n\n\n\n<li><strong>C\u00e1lculo e gest\u00e3o de impostos:<\/strong> cuidamos da apura\u00e7\u00e3o do IVA e seus cr\u00e9ditos, al\u00e9m da entrega das novas declara\u00e7\u00f5es, garantindo conformidade.<\/li>\n\n\n\n<li><strong>Suporte para tomada de decis\u00e3o:<\/strong> receba dados e an\u00e1lises para precificar seus produtos e servi\u00e7os de forma eficiente no novo ambiente fiscal.<\/li>\n<\/ul>\n\n\n\n<p>Conte com a Agilize para ter seguran\u00e7a, agilidade e o suporte necess\u00e1rio para que a sua empresa, al\u00e9m de cumprir as novas regras, prospere com elas.<\/p>\n\n\n\n\n\t\t\t<style>\n\t\t\t\t.btn-agz-banner{\n\t\t\t\t\tuser-select: none;\n\t\t\t\t\tdisplay: inline-block;\n\t\t\t\t\ttext-align: center;\n\t\t\t\t\ttext-decoration: none;\n\t\t\t\t\tvertical-align: middle;\n\t\t\t\t\tcursor: pointer;\n\t\t\t\t\twidth: 100%;\n\t\t\t\t\talign-self: center;\n\t\t\t\t\topacity: 1;\n\t\t\t\t\ttransition: all .25s ease-in-out;\n\t\t\t\t\tmargin: 1rem auto;\n\t\t\t\t}\n\t\t\t\t.btn-agz-banner:hover {\n\t\t\t\t\topacity: 0.9;\n\t\t\t\t\ttransition: all .25s ease-in-out;\n\t\t\t\t}\n\t\t\t\t.img-agz-banner {\n\t\t\t\t\toverflow: auto;\n\t\t\t\t\tborder-radius: 0.5rem;\n\t\t\t\t}\n\t\t\t<\/style>\n\t\t<a id=\"btn-cta-banner\" class=\"btn-agz-banner\" onclick=\"gtag('event', 'clicou_banner_blogpost');\"  title=\"Quero falar com a Agilize\" ><img decoding=\"async\" class=\"img-agz-banner\" src=\"https:\/\/agilize.com.br\/blog\/wp-content\/uploads\/2023\/12\/banner_2-2.webp\"\/><\/a>\n\t\t\t<script>\n\t\t\t\tvar popUpId = \"agz-modal-conversion-form\";\n\t\t\t\tdocument.getElementById(\"btn-cta-banner\").addEventListener(\"click\", function (event) {\n\t\t\t\t\tdocument.getElementById(popUpId).style.display = \"flex\";\n\t\t\t\t});\n\t\t\t<\/script>\n\t\t\t\n\t\t\n\n\n\n<p><strong>Veja outros conte\u00fados selecionados para voc\u00ea!<\/strong><\/p>\n\n\n\n<ol class=\"wp-block-list\">\n<li><a href=\"https:\/\/agilize.com.br\/blog\/gestao-fiscal\/apuracao-de-impostos\/\">Apura\u00e7\u00e3o de impostos: como fazer?<\/a><\/li>\n\n\n\n<li><a href=\"https:\/\/agilize.com.br\/blog\/gestao-fiscal\/gestao-tributaria\/\">Gest\u00e3o tribut\u00e1ria: como olhar estrategicamente seus impostos?<\/a><\/li>\n\n\n\n<li><a href=\"https:\/\/agilize.com.br\/blog\/gestao-fiscal\/elisao-fiscal\/\">Elis\u00e3o fiscal: saiba como pagar menos imposto de forma legal<\/a><\/li>\n<\/ol>\n","protected":false},"excerpt":{"rendered":"<p>A Reforma Tribut\u00e1ria \u00e9, sem d\u00favida, o tema mais relevante e impactante para o cen\u00e1rio fiscal brasileiro dos \u00faltimos tempos. No centro dessa mudan\u00e7a est\u00e1 a cria\u00e7\u00e3o do Imposto sobre Valor Agregado (IVA), um modelo de tributa\u00e7\u00e3o que promete simplificar a forma como empresas e consumidores lidam com os impostos. Mas o que \u00e9 esse [&hellip;]<\/p>\n","protected":false},"author":12,"featured_media":43528,"comment_status":"open","ping_status":"open","sticky":false,"template":"","format":"standard","meta":{"footnotes":""},"categories":[364,367],"tags":[342],"class_list":["post-43527","post","type-post","status-publish","format-standard","has-post-thumbnail","hentry","category-gestao-contabil-e-fiscal","category-planejamento-tributario","tag-reformatributaria"],"_links":{"self":[{"href":"https:\/\/agilize.com.br\/blog\/wp-json\/wp\/v2\/posts\/43527","targetHints":{"allow":["GET"]}}],"collection":[{"href":"https:\/\/agilize.com.br\/blog\/wp-json\/wp\/v2\/posts"}],"about":[{"href":"https:\/\/agilize.com.br\/blog\/wp-json\/wp\/v2\/types\/post"}],"author":[{"embeddable":true,"href":"https:\/\/agilize.com.br\/blog\/wp-json\/wp\/v2\/users\/12"}],"replies":[{"embeddable":true,"href":"https:\/\/agilize.com.br\/blog\/wp-json\/wp\/v2\/comments?post=43527"}],"version-history":[{"count":1,"href":"https:\/\/agilize.com.br\/blog\/wp-json\/wp\/v2\/posts\/43527\/revisions"}],"predecessor-version":[{"id":43529,"href":"https:\/\/agilize.com.br\/blog\/wp-json\/wp\/v2\/posts\/43527\/revisions\/43529"}],"wp:featuredmedia":[{"embeddable":true,"href":"https:\/\/agilize.com.br\/blog\/wp-json\/wp\/v2\/media\/43528"}],"wp:attachment":[{"href":"https:\/\/agilize.com.br\/blog\/wp-json\/wp\/v2\/media?parent=43527"}],"wp:term":[{"taxonomy":"category","embeddable":true,"href":"https:\/\/agilize.com.br\/blog\/wp-json\/wp\/v2\/categories?post=43527"},{"taxonomy":"post_tag","embeddable":true,"href":"https:\/\/agilize.com.br\/blog\/wp-json\/wp\/v2\/tags?post=43527"}],"curies":[{"name":"wp","href":"https:\/\/api.w.org\/{rel}","templated":true}]}}